{"id":4266,"date":"2022-01-21T16:29:00","date_gmt":"2022-01-21T15:29:00","guid":{"rendered":"https:\/\/www.whatisright.de\/new-europe\/?p=4266"},"modified":"2025-12-31T09:00:38","modified_gmt":"2025-12-31T08:00:38","slug":"gestatten-herr-asperger","status":"publish","type":"post","link":"https:\/\/www.whatisright.de\/new-europe\/gestatten-herr-asperger\/","title":{"rendered":"GESTATTEN, ASPERGER!"},"content":{"rendered":"\n<figure class=\"wp-block-image size-full\"><img loading=\"lazy\" decoding=\"async\" width=\"1694\" height=\"1122\" src=\"https:\/\/www.whatisright.de\/new-europe\/wp-content\/uploads\/Richterhammer.jpg\" alt=\"\" class=\"wp-image-4346\" srcset=\"https:\/\/www.whatisright.de\/new-europe\/wp-content\/uploads\/Richterhammer.jpg 1694w, https:\/\/www.whatisright.de\/new-europe\/wp-content\/uploads\/Richterhammer-1000x662.jpg 1000w, https:\/\/www.whatisright.de\/new-europe\/wp-content\/uploads\/Richterhammer-500x331.jpg 500w, https:\/\/www.whatisright.de\/new-europe\/wp-content\/uploads\/Richterhammer-768x509.jpg 768w, https:\/\/www.whatisright.de\/new-europe\/wp-content\/uploads\/Richterhammer-1536x1017.jpg 1536w, https:\/\/www.whatisright.de\/new-europe\/wp-content\/uploads\/Richterhammer-1200x795.jpg 1200w\" sizes=\"auto, (max-width: 1694px) 100vw, 1694px\" \/><\/figure>\n\n\n\n<p>Ich beurteile Menschen prinzipiell zuerst nicht nach dem \u00e4u\u00dferen Erscheinen, sondern Anfangs einzig und allein nach den Aussagen \/ Taten und einem inneren Bauchgef\u00fchl welches ich WAHRHEIT nenne. Gibt sich ein Mensch in meiner N\u00e4he &#8222;echt, authentisch, liebevoll und auf Augenh\u00f6he&#8220; wird er mit mir kein <strong>\u00b5<\/strong> eines Problems haben. Sehe ich jedoch verschiedene und oft unwirklich wirkende Masken von habituell sich selbst inszenierten Gestalten vor mir, gibt\u00b4s Zunder!<\/p>\n\n\n\n<p>Warum? Ganz einfach, ich bin ein Richter.<\/p>\n\n\n\n<p>Das Leben war f\u00fcr mich alles andere als leicht. Dieser Satz lie\u00dft sich wie schwulstige S\u00fclze, ist dennoch wahr und trifft sicher auch f\u00fcr mindestens \u00fcber 90 % der Bev\u00f6lkerung zu. Als Aspi aber, glaubt Ihr, bin ich vielleicht nur eine weitere behinderte Ausgabe Euer Selbst. Tja Pech gehabt!  <\/p>\n\n\n\n<p>Obwohl ich Probleme beim binden der Schn\u00fcrsenkel habe, wie ein oller Bauer latsche, kein richtiges Gef\u00fchl in Unterarmen und Beinen habe, Witze oft nicht verstehe, obwohl fr\u00fcher nicht begriffen mittlerweile zum scharfen Sarkasmus neige, x mal am Tag meinen Hausschl\u00fcssel suche, 100 gleiche Shorts im Regal habe, einen Song stundenlang h\u00f6ren kann, im Sommer lange Hosen und Boots trage, nicht lange still sitze, Routine f\u00fcr ein Lebenselixier halte, bei Ber\u00fchrung zusammenzucke, kein Deo benutze, den Einkauf in 3 Minuten erledige, ne Betonwand schonmal zum Sparringspartner mutiert, die Hummel furzen h\u00f6re, mein Basi als Sichtschutz trage, Pragmatismus mit Sch\u00f6nheit verwechsle, meinen Umgang mit Menschen nur von Notizzetteln und aus Filmen gelernt habe, seit 30 Jahren im selben Outfit verharre, den Bordstein auf breiten Quadern \u00fcberschreite, Ohrenst\u00f6psel immer am Mann hab, in neuen Situationen oft verirrt wirke, unterk\u00fchlt scheine, mein Herz oder Vertrauen nur sehr sehr wenigen Menschen schenke und kaum Bezug zum eigenen mir &#8222;fremden&#8220; K\u00f6rper besitze; bin ich in der Lage Euch 24\/7 rational zu analysieren. Das mache ich auch, schon 4 Jahrzehnte lang ohne Pause selbst beim Schlafen. Es gibt in Wirklichkeit nicht all zu Vieles was ich nicht zumindest leicht ansatzweise nicht beleuchtet habe. Von meiner offensichtlichen Legasthenie und h\u00f6herer Mathematik mal abgesehen.<\/p>\n\n\n\n<p>Ich lege in der Regel h\u00f6chsten Wert auf eine v\u00f6llig neutrale, ergo sachliche Beurteilung  der Situationen und deren Verh\u00e4ltnisse zu einander. Bin ich wir wie Ihr? Nein sicherlich nicht, und dass aus gutem Grund! Meiner einer ist nicht hier um zu gefallen, sondern um Euch zu Erinnern.<\/p>\n\n\n\n<p>Es geht um das <strong>Wesentliche<\/strong>. Dass, was ein Teil von Euch &#8222;Normalos&#8220; im Laufe Eures Sandkastenspieles Namens &#8222;innerer Entwicklung&#8220; und &#8222;work life balance&#8220; immer wieder zu vergessen droht.  N\u00e4mlich die nicht verhandel- oder interpretierbare <strong>Wahrheit<\/strong>. Damit diese zumindest nicht ganz verloren geht, muss das Chaos, welches in steter Regelm\u00e4\u00dfigkeit (von Euch, aber auch den unten n\u00e4her benannten gewissenlosen Psychos verursacht) anf\u00e4llt, st\u00e4ndig von irgendeinem ausgeglichen werden. Vom Aufhalten des Verschwimmens jeglicher Grenzen von Werten, Ma\u00df, Mitte oder Vernunft in allen erdenklichen Bereichen bis zum torpedieren starrer Denkkonzepte und \u00fcberholter Glaubenss\u00e4tze reicht mein Spektrum. Der Logos und das Herz entscheidet!<\/p>\n\n\n\n<p>Die selbstlose <em><strong>Empathie<\/strong><\/em> welche man mir so gerne abspricht, ist neben der unverr\u00fcckbaren <em><strong>Gerechtigkeit<\/strong><\/em> eines meiner h\u00f6chsten G\u00fcter. Sie stellt (GANZ ALLGEMEIN) nur ein Problem dar, wenn sie jedermann gleicherma\u00dfen zu Teil werden soll. <\/p>\n\n\n\n<p>Im Gegensatz zu den v\u00f6llig unreifen aber mutwillig Sadistischen, triebhaft Egozentrischen, \u00e4u\u00dferst fragilen, stets nach Bewunderung jammernden Rotzg\u00f6ren namens <strong>malignen<\/strong> <strong>Narzissten<\/strong> ohne jegliches Verantwortungsbewusstsein (mit vor allem <strong>vulnerablen<\/strong>; histrionischen, kommunalen, machiavellistischen, grandiosen bzw. sozio-psychopathischen Anteilen); die bockig klammernden, aber lernf\u00e4higen <strong>Borderliner<\/strong>; oder  \u00e4u\u00dferst b\u00f6sartigen <strong>Sozio-<\/strong> bzw. absolut kalt geborenen <strong>Psychopathen<\/strong>, entscheide ich mich Tag f\u00fcr Tag zu erneuter <strong><em>Selbstreflexion<\/em><\/strong> ohne jegliche Kompromisse zu meinen Gunsten. So habe ich auch mit dem eigenen Scheitern keinerlei ernsthafte Probleme, es begleitet mich schlie\u00dflich schon ein Leben lang und birgt so unendlich viel Potential zur inneren Reifung, als das ich dies jemals ungen\u00fctzt lassen w\u00fcrde.<\/p>\n\n\n\n<p>Als Aspi habe ich im Vergleich zu diesen Anderen mir Verwandten, vom Schwindel unendlicher Grenzenlosigkeit gepr\u00e4gten &#8222;<strong>Gest\u00f6rte<\/strong>n&#8220;, <strong>welche vollkommen liebesunf\u00e4hig , fast ohne jegliches Entwicklungspotential<\/strong> <strong>daherkommen und diesen Ort ernsthaft als Spielplatz ansehen<\/strong>, im Grundtenor sehr wohl eine unfragmentierte, integrale Pers\u00f6nlichkeit, die sich selbst gen\u00fcgt, die Realit\u00e4t anerkennt, seit dem Erwachsenenalter (mit Abstrichen) relativ gut regulieren kann, ohne Fassade sowie kritikf\u00e4hig daherkommt.<\/p>\n\n\n\n<p>Damit sind mir zum Gro\u00df Begriffe wie <em>negative Manipulation<\/em>, <em>Feindschaft<\/em>, <em>Macht<\/em> <em>\u00fcber Andere<\/em>, <em>Neid<\/em>, <em>Hass<\/em>, <em>Schuldumkehr<\/em>, <em>Kontrollzwang<\/em>, <em>Selbsthass<\/em>, <em>Hochmut<\/em>, <em>Drama<\/em>, <em>emotionaler<\/em> <em>Missbrauch<\/em>, <em>Dem\u00fctigung<\/em>, <em>Rache<\/em>, <em>Langeweile<\/em>, <em>Hysterie<\/em>, <em>J\u00e4hzorn<\/em>, <em>bewusste<\/em> <em>Abwertung<\/em>, <em>fehlender Selbstwert<\/em>, <em>Stolz<\/em>, <em>Intrigen<\/em>, <em>Wettkampf<\/em>, <em>Konkurrenz<\/em>, <em>Projektion<\/em>, <em>Eitelkeit<\/em>, <em>Doppelmoral<\/em>, <em>Verdr\u00e4ngung<\/em>, <em>Egozentrismus<\/em>, <em>T\u00e4uschung<\/em>, <em>Vorurteile<\/em> etc.; \u00e4hnlich einem Stoiker, \u00e4u\u00dferst befremdlich. Ich existiere ganz einfach und bin st\u00e4ndig mit dem m\u00f6glichst logischen Verarbeiten der ungefiltert auf mich einwirkenden Informationen besch\u00e4ftigt. <em><strong>Wut<\/strong><\/em> und die daraus resultierende <strong><em>Trauer<\/em> beziehe ich fast ausschlie\u00dflich auf mich selbst<\/strong>. Wobei ich das Wort <strong>Vergebung<\/strong> Anderen gegen\u00fcber, welche mir bewusst <em>Schaden<\/em> zugef\u00fcgt haben, nur aus einem einzigen Grund nicht in meinem Wortschatz f\u00fchre, da <strong>mir<\/strong> dies <strong>einfach nicht zusteht<\/strong>. Umgekehrt halte ich es, wegen meinem defekten aber dennoch \u00e4u\u00dferst moralischem Kompass, bei eigenen <em>Verfehlungen<\/em> etwas anders. Ich erwarte wenig, bereue aber sehr vieles und gebe Fehler problemlos zu. Alles was ich tue ist und bleibt, v\u00f6llig egal aus welchen Gr\u00fcnden heraus, immer eine bewusste Entscheidung meinerseits.<\/p>\n\n\n\n<p>Dennoch neige ich zum Provozieren, um ein als mir legitimes Mittel in Anderen die Flamme des <strong>Verstand<\/strong>es, <strong>Mitgef\u00fchl<\/strong>s und der <strong>Intuition<\/strong> zu entfachen. All zu oft leider erfolglos und das teils auch mir selbst gegen\u00fcber ; )<\/p>\n\n\n\n<p><strong>Ich will letztendlich nur Eines: Das Ihr die Welt und das Leben endlich so begreift wie es seeeehr wahrscheinlich ergo tats\u00e4chlich ist<\/strong>, nix Anderes. Eure Luftschl\u00f6sser, kindlich r\u00fccksichtslosen Spielereien und Allmachtsphantasien haben da leider keinen Platz f\u00fcr mich. Diese sind, in meiner Version vom begr\u00fcndeten Dasein, einzig und allein Eurer (sch\u00f6ndeutsch formulierten) &#8222;<strong>kognitiven Dissonanz<\/strong>&#8220; geschuldet; welche Euch, Euren feinf\u00fchligen Mitmenschen und der Umwelt vornehmlich oft genug zu schaden pflegt.   <\/p>\n\n\n\n<p>Ich wei\u00df das Vieles was ich hier schreibe anma\u00dfend arrogant wirkt und will meinen m\u00f6glichen, eigenen Irrtum desselben immer auch gleichzeitig mit einbezogen verstehen!!! Ich muss also einr\u00e4umen das solcherlei Einsch\u00e4tzungen nebst der Anliegen meinerseits, mir vielleicht einfach auch nicht immer zustehen und Beteiligte unn\u00f6tig \u00fcberfordern oder ungerecht behandeln k\u00f6nnten. Jeder ist nun mal da wo er gerade steht, f\u00fcr sich genommen, letzten Endes richtig und tr\u00e4gt ob bewusst oder nicht die Antworten bereits im Kopp. <\/p>\n\n\n\n<p>Auch will ich mir nicht einbilden das alle meiner Leidenskollegen gleiche qualitative Eigenschaften mit auf diese Erde gebracht haben, denn daf\u00fcr sind wir alle einfach zu unterschiedlich. Ganz zu schweigen von den unangenehmen (mit Sicherheit aber komorbiden) prominenten Gegenbeispielen.<\/p>\n\n\n\n<p>Weiterhin liegt es mir fern, Menschen mit autistischer St\u00f6rung zu glorifizieren oder zu verharmlosen, denn kognitive Einschr\u00e4nkungen sind und bleiben f\u00fcr viele von uns ein Handicap ohne Kompensationsm\u00f6glichkeit. <\/p>\n\n\n\n<p>Ich bin kein wei\u00dfes Engelchen, neige zur Verallgemeinerung und zum Klugschei\u00dfern. Wer es sich mit mir (in Gestalt eines boshaften Lehrmeisters) einmal richtig verscherzt, bekommt (allerdings erst nach erfolgter Analyse eigener Anteile incl. einer Bekennung daran) keine 2. Chance und wird auf h\u00f6fliche Art ohne jegliche Emotion f\u00fcr immer aus meinem Leben gel\u00f6scht. Dummheit ist f\u00fcr mich pures Desinteresse an sich selbst oder Anderem, sie bekommt weder Mitgef\u00fchl noch Aufmerksamkeit. Ich irre mich in vorschnellen Fazits leider recht oft. Gehe in sich anbahnenden Partnerschaften keinerlei Kompromisse ein, wenn einer meiner Grunds\u00e4tze auch nur im Ansatz bedroht wird. Tendiere aufgrund endlos negativer Erfahrungen, auch wenn mein Auftreten v\u00f6llig anderes vermuten l\u00e4sst, diskret zur Misanthropie. Agiere der Ordnung halber h\u00e4ufig zu loyal oder konformistisch, w\u00fcrde aber den Teufel tun mich vor jedermann freim\u00fctig zu rechtfertigen, wobei nur die Wenigen (neben dem &#8222;urs\u00e4chlichen Informationstr\u00e4ger&#8220;) welche mir sehr nahestehen vielleicht nach Jahren in den Genuss eines allumfassenden Pl\u00e4doyers meinerseits kommen. Insofern wird man bei mir nie ganz genau wissen wo Herr oder Frau wirklich stehen. Meine Zuwendung muss man sich leider verdienen, was manchmal sehr unfair ist. Ich wachse nur durch Input und brauche die kritische aber produktive Konfrontation. Diese, damit einhergehende, oft zu direkte Art d\u00fcrfte als Missverst\u00e4ndnis  vielleicht auch der eigentliche Grund  von unzug\u00e4nglicher und erschwerter Handhabung meiner Wenigkeit gegen\u00fcber sein. Ich bin bestimmt nicht der Netteste unter Gottes weiter Sonne, aber gewiss einer derjenigen Primaten welcher die Selbsts\u00fcchtigen (als ein mir \u00e4hnliches Gleichnis unter den Verwurschtelten) ebenso vor den Spiegel zerrt wie der Wal den Krill in seine Barten zwingt.<\/p>\n\n\n\n<p>Abschlie\u00dfend m\u00f6chte ich vielleicht noch sagen, dass mildere ASPERGER wie ich (trotz meiner Komorbidit\u00e4t mit ADHS) durch die F\u00e4higkeit des fokussierten Denkverm\u00f6gens, ein Werkzeug in die Hand bekommen haben, welches man auch als segensreichen Vorteil begreifen kann. Mit dem Rest der Defizite incl. einer ordentlichen Versorgung an Spiegelneuronen, kann ich und hoffentlich auch das Gro\u00df meiner Zeitgenossen, nach mittlerweile \u00fcber 40 Jahren mehr als gut leben.<\/p>\n\n\n\n<p><strong><a href=\"https:\/\/www.whatisright.de\/new-europe\/wp-content\/uploads\/Norman-Roloff.jpg\">Norman Roloff<\/a><\/strong><\/p>\n","protected":false},"excerpt":{"rendered":"<p>Ich beurteile Menschen prinzipiell zuerst nicht nach dem \u00e4u\u00dferen Erscheinen, sondern Anfangs einzig und allein nach den Aussagen \/ Taten und einem inneren Bauchgef\u00fchl welches ich WAHRHEIT nenne. Gibt sich ein Mensch in meiner N\u00e4he &#8222;echt, authentisch, liebevoll und auf Augenh\u00f6he&#8220; wird er mit mir kein \u00b5 eines Problems haben. Sehe ich jedoch verschiedene und [&hellip;]<\/p>\n","protected":false},"author":1,"featured_media":0,"comment_status":"closed","ping_status":"open","sticky":false,"template":"","format":"standard","meta":{"footnotes":""},"categories":[157],"tags":[180,186,194,196,185,192,188,187,191,189,198,193,190],"class_list":["post-4266","post","type-post","status-publish","format-standard","hentry","category-neue-zeiten","tag-asperger","tag-aspi","tag-ass","tag-asuras","tag-autismus","tag-borderline","tag-narzissist","tag-narzissmus","tag-nps","tag-psychopathen","tag-sartan","tag-soziopathen","tag-trauma"],"_links":{"self":[{"href":"https:\/\/www.whatisright.de\/new-europe\/wp-json\/wp\/v2\/posts\/4266","targetHints":{"allow":["GET"]}}],"collection":[{"href":"https:\/\/www.whatisright.de\/new-europe\/wp-json\/wp\/v2\/posts"}],"about":[{"href":"https:\/\/www.whatisright.de\/new-europe\/wp-json\/wp\/v2\/types\/post"}],"author":[{"embeddable":true,"href":"https:\/\/www.whatisright.de\/new-europe\/wp-json\/wp\/v2\/users\/1"}],"replies":[{"embeddable":true,"href":"https:\/\/www.whatisright.de\/new-europe\/wp-json\/wp\/v2\/comments?post=4266"}],"version-history":[{"count":570,"href":"https:\/\/www.whatisright.de\/new-europe\/wp-json\/wp\/v2\/posts\/4266\/revisions"}],"predecessor-version":[{"id":10252,"href":"https:\/\/www.whatisright.de\/new-europe\/wp-json\/wp\/v2\/posts\/4266\/revisions\/10252"}],"wp:attachment":[{"href":"https:\/\/www.whatisright.de\/new-europe\/wp-json\/wp\/v2\/media?parent=4266"}],"wp:term":[{"taxonomy":"category","embeddable":true,"href":"https:\/\/www.whatisright.de\/new-europe\/wp-json\/wp\/v2\/categories?post=4266"},{"taxonomy":"post_tag","embeddable":true,"href":"https:\/\/www.whatisright.de\/new-europe\/wp-json\/wp\/v2\/tags?post=4266"}],"curies":[{"name":"wp","href":"https:\/\/api.w.org\/{rel}","templated":true}]}}